{"id":3026,"date":"2019-07-30T04:11:10","date_gmt":"2019-07-30T01:11:10","guid":{"rendered":"http:\/\/www.3nokta.com\/?p=3026"},"modified":"2023-08-27T15:19:11","modified_gmt":"2023-08-27T15:19:11","slug":"andrea-bocelliye-yagmur-engeli-konseri","status":"publish","type":"post","link":"http:\/\/www.3nokta.com\/yeni3Nokta\/andrea-bocelliye-yagmur-engeli-konseri\/","title":{"rendered":"Andrea Bocelli&#8217;ye ya\u011fmur engeli"},"content":{"rendered":"<div class=\"wp-block-image\">\n<figure class=\"aligncenter is-resized\"><img decoding=\"async\" src=\"http:\/\/www.3nokta.com\/wp-content\/uploads\/andera-bocelli-konseri-ya\u011fmur-iptali-lajatico-2019.jpg\" alt=\"\" class=\"wp-image-3111\" style=\"width:560px;height:345px\" width=\"560\" height=\"345\"\/><\/figure>\n<\/div>\n\n\n<p><strong>D\u00fcnyaca \u00fcnl\u00fc sanat\u00e7\u0131 Andrea Bocelli<\/strong>, do\u011fdugu k\u00f6y Lajatico (Pisa)&#8217;daki \u201csessizlik tiyatrosu\u201d nda (il teatro del silenzio) sahneye \u00e7\u0131kmaya haz\u0131rlan\u0131yordu.  Her y\u0131l geleneksel hale gelen bu bulu\u015fman\u0131n 14.y\u0131l\u0131nda, 27 Temmuz Cumartesi gecesi,<a href=\"http:\/\/www.3nokta.com\/andre-chenier-ve-operasi\/\"> <\/a><strong>\u201cAli di libert\u00e0\u201d<\/strong>&nbsp; isimli konser program\u0131 yo\u011fun ya\u011f\u0131\u015f nedeniyle iptal edildi. <\/p>\n\n\n<div class=\"wp-block-image\">\n<figure class=\"aligncenter is-resized\"><img decoding=\"async\" src=\"http:\/\/www.3nokta.com\/wp-content\/uploads\/andrea-bocelli-konseri-iptal-yagmur-lajatico-2019-07-27-22-22-19-768x1024.jpg\" alt=\"\" class=\"wp-image-3112\" style=\"width:192px;height:256px\" width=\"192\" height=\"256\"\/><\/figure>\n<\/div>\n\n\n<p>Bu mevsimde Toskana&#8217;ya bu kadar fazla ya\u011f\u0131\u015f d\u00fc\u015fmesi pek beklenen bir durum de\u011fildi. Ya\u011fmura haz\u0131rl\u0131ks\u0131z yakalanan organizat\u00f6rler, konserin ba\u015flamas\u0131na sadece 1,5 saat kala konseri iptal ettiler. Tabii bu durum y\u00fczlerce hatta binlerce kilometre uzaktan gelen insanlar\u0131 \u00fczerken, erken gelenlerin ise  Lajatico k\u00f6y\u00fcn\u00fcn dar yollar\u0131nda trafikte ya da konser alan\u0131 yak\u0131n\u0131ndaki tarlalarda \u00e7amur i\u00e7inde kalmalar\u0131na sebep oldu. Konser, pazartesi gecesine ertelendi. Cumartesi gecesi ertelenen ve 29 Temmuz pazartesi gecesi yap\u0131lan <strong>Andrea Bocelli <\/strong>konserinden notlar;<\/p>\n\n\n\n<p>&#8220;<strong><em>Ali di liberta&#8221; ne demek?<\/em><\/strong><\/p>\n\n\n\n<p>&#8220;Ali di liberta&#8221; Andrea Bocelli&#8217;nin Ekim 2018 de yay\u0131nlad\u0131\u011f\u0131 &#8220;Si&#8221; isimli alb\u00fcm\u00fcnden bir par\u00e7an\u0131n ismi. T\u00fcrk\u00e7e&#8217;ye <strong>&#8220;\u00f6zg\u00fcrl\u00fc\u011f\u00fcn kanatlar\u0131&#8221;<\/strong>, \u015feklinde \u00e7evrilebilir. Ayr\u0131ca  &#8220;le&nbsp;ali&nbsp;della&nbsp;libert\u00e0&#8221; \u0130talyanlar i\u00e7in 1994 yap\u0131m\u0131<strong> me\u015fhur film<\/strong> <a rel=\"noreferrer noopener\" aria-label=\"&quot;The Shawshank Redemption&quot; yada &quot;Esaretin Bedeli&quot; (yeni sekmede a\u00e7\u0131l\u0131r)\" href=\"http:\/\/www.3nokta.com\/figaronun-dugunu-mozartin-operasi-sureyya-operasinda\/\" target=\"_blank\">&#8220;The Shawshank Redemption&#8221; ya da &#8220;Esaretin Bedeli&#8221;<\/a> anlam\u0131na gelir. Filmin orjinal ingilizce ismi &#8220;le ali della liberta&#8221; olarak \u00e7evrilmi\u015ftir. <\/p>\n\n\n\n<p><strong><em>Neden &#8220;sessizlik tiyatrosu&#8221; ? <\/em><\/strong><\/p>\n\n\n\n<p>Beklenmedik ertelenme olay\u0131na ra\u011fmen&#8221;sessizlik tiyatrosu&#8221; Bocelli&#8217;yi dinlemeye gelenlerce, her sene oldu\u011fu gibi, h\u0131nca h\u0131n\u00e7 dolduruldu. Bu kalabal\u0131\u011f\u0131 g\u00f6r\u00fcp de buraya neden sessizlik tiyatrosu dendi\u011fini anlamak hem kolay hem de zor. Konserin yap\u0131ld\u0131\u011f\u0131 mekan Toskana&#8217;n\u0131n birbirine benzeyen vadilerinin birisinin ortas\u0131nda, tatl\u0131 tepeleri tozlu topra\u011f\u0131yla hi\u00e7li\u011fin ortas\u0131nda. Hi\u00e7 \u015f\u00fcphesiz, y\u0131l\u0131n 363 g\u00fcn\u00fc burada hissedilebilecek belki de tek duygu&#8221;sessizlik&#8221;. &nbsp;<\/p>\n\n\n\n<p><strong><em>Bocelli konserde ne kadar s\u00fcre sahnede kald\u0131?<\/em><\/strong><\/p>\n\n\n\n<p>Konser ba\u015flama saati 20:30 idi ancak Bocelli sahneye saat 21:25 de geldi. 40 dakikal\u0131k ara sonras\u0131 00:15 civar\u0131nda konser tamamland\u0131.<\/p>\n\n\n\n<p><strong><em>Bocelli konserinin i\u00e7eri\u011fi neydi?<\/em><\/strong><\/p>\n\n\n\n<p><strong>Bocelli sahneye at \u00fcst\u00fcnde giri\u015f yaparken, <\/strong>derin bir sessizlik olu\u015ftu, ad\u0131 konmam\u0131\u015f bir sayg\u0131 duru\u015fu gibiydi. Sessizli\u011fi, insan sesi ile yap\u0131lan ilk senfoni,  Beethoven 9.senfoniden &#8220;inno&#8221; b\u00f6l\u00fcm\u00fc bozdu. Bocelli ve koro <strong>Avrupa Birli\u011fi&#8217;nin resmi mar\u015f\u0131 <\/strong>da olan bu par\u00e7a ile Lajatico&#8217;yu dolduran farkl\u0131 \u00fclkeden gelmi\u015f y\u00fczlerce insana da g\u00fczel bir mesaj verdi &#8220;t\u00fcm insanlar karde\u015ftir&#8221;.<\/p>\n\n\n\n<p>Burada belirtmek isterim ki maalesef Bocelli ve di\u011fer misafirlerin konu\u015fmalar\u0131 ve d\u00fc\u015f\u00fcnceleri sadece \u0130talyanca idi. Italyanca bilmeyen misafirler konu\u015fulanlardan bir \u015fey anlayamad\u0131. Oysa, iki kenardaki dev ekranlar kullan\u0131larak bu eksiklik giderilebilirdi. <\/p>\n\n\n\n<p>\u0130lk b\u00f6l\u00fcmde Bocelli, <strong>soprano Larisa Martinez<\/strong> ve <strong>bariton Gianfranco Montresor <\/strong>ile birlikte me\u015fhur opera eserlerinden par\u00e7alar seslendirdi. \u00d6zellikle Martinez ile seslendirdi\u011fi La Traviata&#8217;dan  &#8220;Libiamo&#8221; par\u00e7as\u0131 \u00e7ok ba\u015far\u0131l\u0131yd\u0131. Porto Rico do\u011fumlu soprano Martinez, Bocelli&#8217;ye d\u00fcnya turnelerinde e\u015flik ederek t\u00fcm d\u00fcnyada tan\u0131nan bir isim oldu.  Bocelli, G.Montresor ile birlikte s\u00f6yledi\u011fi Bizet&#8217;in me\u015fhur &#8220;arkada\u015fl\u0131k d\u00fceti&#8221;  ile de b\u00fcy\u00fck alk\u0131\u015f ald\u0131. Italyan Montresor, \u00e7e\u015fitli opera sahnelerinde rol ald\u0131\u011f\u0131 gibi t\u0131pk\u0131 Martinez gibi, Bocelli&#8217;ye d\u00fcnya turnelerinde e\u015flik ediyor. <\/p>\n\n\n\n<p>Bocelli, konserin ikinci b\u00f6l\u00fcm\u00fcnde sahnede tek ba\u015f\u0131nayd\u0131 ve Italyan halk \u015fark\u0131lar\u0131n\u0131 seslendirdi. Son b\u00f6l\u00fcmde ise 2018 y\u0131l\u0131n\u0131n sonlar\u0131nda \u00e7\u0131kan &#8220;Si&#8221; isimli alb\u00fcm\u00fcnden par\u00e7alar\u0131 dinledik. Kendisine, 21 ya\u015f\u0131ndaki <strong>o\u011flu Matteo Bocelli <\/strong>ve <strong>gen\u00e7 \u0130ngiliz sanat\u00e7\u0131 Dua Lipa<\/strong>&#8216;da e\u015flik etti.<\/p>\n\n\n\n<p>Sahne tasar\u0131m\u0131 ile heyecan uyand\u0131ran konserde, kanatl\u0131 atlar, kanatl\u0131 fig\u00fcrler ve tabiki sahnedeki  devasa kanatl\u0131 insan fig\u00fcr\u00fc &#8220;Gabriel&#8221; ilgi \u00e7ekiciydi.  Konserin i\u00e7eri\u011fi ile ilgili Bocelli&#8217;nin yapt\u0131\u011f\u0131 sosyal medya payla\u015f\u0131mlar\u0131nda bu konuya dikkat \u00e7ekilmi\u015fti; &#8220;Konser, insanl\u0131\u011f\u0131n en eski ve g\u00fc\u00e7l\u00fc arzular\u0131n\u0131n \u015fiirsel canland\u0131rmalar\u0131na adand\u0131. Bu gece atalar\u0131m\u0131z\u0131n ve t\u00fcm evrenin gayretlerini kutlayaca\u011f\u0131z. \u0130nsan\u0131n tutkusu &#8220;Ali di liberta&#8221; n\u0131n \u00f6z\u00fcd\u00fcr. Ikaros&#8217;un mitinden Leonardo&#8217;nun u\u00e7an makinesine, uzay yolculu\u011funun zorluklar\u0131na&#8230;Bu gece hayal etmenin g\u00fcc\u00fcn\u00fc kutlayaca\u011f\u0131z&#8221;.<\/p>\n\n\n\n<p>&#8220;<strong><em>Matteo Bocelli&#8221; ve &#8220;Dua Lipa&#8221; kimdir?<\/em><\/strong><\/p>\n\n\n\n<p>Matteo Bocelli, Andrea Bocelli&#8217;nin 21 ya\u015f\u0131ndaki o\u011flu. E\u011fitimine konservatuarda devam ediyor.. Bu gece, &#8220;Fall on Me&#8221; isimli par\u00e7ay\u0131, baba o\u011ful s\u0131rt s\u0131rta piyano \u00e7alarak sahnelediler.<\/p>\n\n\n\n<p>Dua Lipa, Kosova k\u00f6kenli \u0130ngiliz \u015fark\u0131c\u0131(ya\u015f 23). Lipa daha 13 ya\u015f\u0131ndayken ailesi Kosova&#8217;ya d\u00f6ner ancak o ailesini bir \u015fekilde ikna edip 15 ya\u015f\u0131nda tek ba\u015f\u0131na \u0130ngiltere&#8217;ye d\u00f6ner. Andrea Bocelli ile birlikte d\u00fcet yapt\u0131klar\u0131 &#8220;If only&#8221; isimli par\u00e7a \u00e7ok be\u011fenildi.<\/p>\n\n\n\n<p> <strong><em>Ikaros&#8217;un kanatlar\u0131 , Da Vinci&#8217;nin makineleri ve Bocelli&#8217;nin kanatlar\u0131<\/em><\/strong><\/p>\n\n\n\n<p>Ikaros, Yunan mitolojisinde ge\u00e7en mucit ve u\u00e7an ilk insan. Balmumundan yapt\u0131\u011f\u0131 kanatlarla g\u00fcne\u015fe u\u00e7may\u0131 dener  ama g\u00fcne\u015fe yakla\u015ft\u0131\u011f\u0131nda kanatlar\u0131 erir ve Ege Denizi&#8217;ne d\u00fc\u015f\u00fcp \u00f6l\u00fcr.<\/p>\n\n\n\n<p>Leonardo Da Vinci, g\u00f6kte s\u00fcz\u00fclen ku\u015flardan esinlenerek \u00e7e\u015fitli makineler d\u00fczenekler yapar. bu konuda 500 den fazla eskizi ve binlerce notu bulunur. Ornitopter (kanat \u00e7\u0131rparak havalanma) ve me\u015fhur G\u00f6k vidas\u0131 (helikoptere benzeyen dev f\u0131r\u0131ldak) tasar\u0131mlar\u0131 bug\u00fcn hala takdir edilen \u00e7al\u0131\u015fmalard\u0131r.<\/p>\n\n\n\n<p>Bocelli, konserinin sosyal medya tan\u0131t\u0131mlar\u0131nda at\u0131fta bulundu\u011fu Ikaros ve Da Vinci&#8217;yi, konserde dekor ve kost\u00fcmlerle selamlad\u0131. \u00d6zellikle bu konser i\u00e7in<strong> Daniele Bosso taraf\u0131ndan tasarlanan &#8220;Gabriel&#8221;<\/strong> ilgi oda\u011f\u0131 oldu. Kanatl\u0131 insan fig\u00fcr\u00fc \u015feklinde, 7,5 ton ag\u0131rl\u0131\u011f\u0131nda, 15 metre y\u00fcksekli\u011finde ve tamam\u0131yla parlak metalden tasarlanan eseri Bosso \u015fu \u015fekilde anlat\u0131yor; &#8220;ali di liberta&#8221; n\u0131n ba\u015flang\u0131\u00e7 s\u00f6zlerine at\u0131fta bulunarak bu eseri tasarlad\u0131m.Ba\u015f\u0131n\u0131z\u0131 kald\u0131r\u0131n, Gabriel&#8217;e bak\u0131n ve u\u00e7maya ba\u015flay\u0131n&#8221;. <\/p>\n\n\n\n<p><strong>\u0130\u015fte &#8220;ali di liberta&#8221; n\u0131n ilk b\u00f6l\u00fcm\u00fc; <em>&#8220;notte splendida notte,lascia cadere una stella&#8230;&#8221; &#8220;gece harikulade gece. b\u0131rak g\u00f6kten bir y\u0131ld\u0131z d\u00fc\u015fs\u00fcn. O y\u0131ld\u0131z, \u00e7ocuklar\u0131ma d\u00fcr\u00fcst\u00fcl\u00fc\u011f\u00fcn ve a\u00e7\u0131k zihinli olman\u0131n d\u00fcnyada en k\u0131ymetli \u015fey oldu\u011funu anlats\u0131n; Ayaklar\u0131n sa\u011flam yere bass\u0131n ve g\u00f6zlerin hep ileriye baks\u0131n&#8221;<\/em><\/strong><\/p>\n\n\n\n<p><a rel=\"noreferrer noopener\" aria-label=\"2018 y\u0131l\u0131ndaki Andrea Bocelli konseri notlar\u0131. (yeni sekmede a\u00e7\u0131l\u0131r)\" href=\"http:\/\/www.3nokta.com\/andrea-chenier-ve-andrea-bocelli-lajatico-italya\/\" target=\"_blank\">2018 y\u0131l\u0131ndaki Andrea Bocelli konseri notlar\u0131.<\/a><\/p>\n\n\n<div class=\"wp-block-image\">\n<figure class=\"aligncenter is-resized\"><img decoding=\"async\" src=\"http:\/\/www.3nokta.com\/wp-content\/uploads\/gabriel-andrea-bocelli-lajatico-ali-di-liberta-konseri-e1564448896869-768x1024.jpg\" alt=\"\" class=\"wp-image-3133\" style=\"width:576px;height:768px\" width=\"576\" height=\"768\"\/><figcaption class=\"wp-element-caption\">&#8220;Gabriel&#8221;<\/figcaption><\/figure>\n<\/div>\n\n\n<figure class=\"wp-block-image\"><img decoding=\"async\" src=\"http:\/\/www.3nokta.com\/wp-content\/uploads\/andrea-bocelli-konser-lajatico-ali-di-liberta-1024x640.jpg\" alt=\"\" class=\"wp-image-3045\"\/><\/figure>\n\n\n\n<p> <\/p>\n\n\n\n<p> <\/p>\n","protected":false},"excerpt":{"rendered":"<p>D\u00fcnyaca \u00fcnl\u00fc sanat\u00e7\u0131 Andrea Bocelli, do\u011fdugu k\u00f6y Lajatico (Pisa)&#8217;daki \u201csessizlik tiyatrosu\u201d nda (il teatro del silenzio) sahneye \u00e7\u0131kmaya haz\u0131rlan\u0131yordu. Her y\u0131l geleneksel hale gelen bu bulu\u015fman\u0131n 14.y\u0131l\u0131nda, 27 Temmuz Cumartesi&hellip;<\/p>\n","protected":false},"author":1,"featured_media":13740,"comment_status":"open","ping_status":"open","sticky":true,"template":"","format":"standard","meta":{"content-type":"","footnotes":""},"categories":[23],"tags":[485,486,487,308,32,33],"class_list":["post-3026","post","type-post","status-publish","format-standard","has-post-thumbnail","hentry","category-gunluk","tag-andrea-bocelli-konseri","tag-da-vinci-makineleri","tag-ikaros-ve-kanatlari","tag-konser-notlari","tag-opera-kitabi","tag-operayi-anlatan-kitap"],"_links":{"self":[{"href":"http:\/\/www.3nokta.com\/yeni3Nokta\/wp-json\/wp\/v2\/posts\/3026","targetHints":{"allow":["GET"]}}],"collection":[{"href":"http:\/\/www.3nokta.com\/yeni3Nokta\/wp-json\/wp\/v2\/posts"}],"about":[{"href":"http:\/\/www.3nokta.com\/yeni3Nokta\/wp-json\/wp\/v2\/types\/post"}],"author":[{"embeddable":true,"href":"http:\/\/www.3nokta.com\/yeni3Nokta\/wp-json\/wp\/v2\/users\/1"}],"replies":[{"embeddable":true,"href":"http:\/\/www.3nokta.com\/yeni3Nokta\/wp-json\/wp\/v2\/comments?post=3026"}],"version-history":[{"count":1,"href":"http:\/\/www.3nokta.com\/yeni3Nokta\/wp-json\/wp\/v2\/posts\/3026\/revisions"}],"predecessor-version":[{"id":13758,"href":"http:\/\/www.3nokta.com\/yeni3Nokta\/wp-json\/wp\/v2\/posts\/3026\/revisions\/13758"}],"wp:featuredmedia":[{"embeddable":true,"href":"http:\/\/www.3nokta.com\/yeni3Nokta\/wp-json\/wp\/v2\/media\/13740"}],"wp:attachment":[{"href":"http:\/\/www.3nokta.com\/yeni3Nokta\/wp-json\/wp\/v2\/media?parent=3026"}],"wp:term":[{"taxonomy":"category","embeddable":true,"href":"http:\/\/www.3nokta.com\/yeni3Nokta\/wp-json\/wp\/v2\/categories?post=3026"},{"taxonomy":"post_tag","embeddable":true,"href":"http:\/\/www.3nokta.com\/yeni3Nokta\/wp-json\/wp\/v2\/tags?post=3026"}],"curies":[{"name":"wp","href":"https:\/\/api.w.org\/{rel}","templated":true}]}}