{"id":29,"date":"2008-12-16T23:07:35","date_gmt":"2008-12-16T21:07:35","guid":{"rendered":"http:\/\/www.3nokta.com\/yazi\/salvador-dali-sergisi-sabanci-muzesi\/"},"modified":"2008-12-16T23:07:35","modified_gmt":"2008-12-16T21:07:35","slug":"salvador-dali-sergisi-sabanci-muzesi","status":"publish","type":"post","link":"http:\/\/www.3nokta.com\/yeni3Nokta\/salvador-dali-sergisi-sabanci-muzesi\/","title":{"rendered":"Salvador Dali Sergisi"},"content":{"rendered":"<p>Salvador Dali&#8217;nin (1904-1989) eserlerinin yer ald\u0131\u011f\u0131 sergiyi ziyaret etmek isteyenler i\u00e7in son 1 ay. Sergi 20 Ocak 2009 a kadar Sabanc\u0131 m\u00fczesinde g\u00f6r\u00fclebilir.<\/p>\n<p>Sergi ba\u015fl\u0131\u011f\u0131 &#8220;Istanbul&#8217;da bir s\u00fcrrealist: Salvador Dali&#8221;. Serginin bende b\u0131rakt\u0131\u011f\u0131 izlenimlerden \u00f6nce s\u00fcrrealizmde k\u0131saca bahsetmek istiyorum.<br \/>\n<!--more--><br \/>\nS\u00fcrrealizm ile akl\u0131ma gelenler; i) Sigmund Freud (1856-1939), psikonalanalizi kurmu\u015f ve herkesten farkl\u0131 olarak insanlar\u0131n r\u00fcyalar\u0131n\u0131 yorumlam\u0131\u015ft\u0131r (devam\u0131nda ise t\u00fcm davran\u0131\u015flar\u0131n temeli olarak cinselli\u011fi \u00f6ne s\u00fcrm\u00fc\u015ft\u00fcr). ii) Salvador Dali, Freud ile g\u00fcndeme gelen d\u00fc\u015f,uyan\u0131kl\u0131k, bilin\u00e7lik ve bilin\u00e7sizlik kavramlar\u0131n\u0131 (g\u00f6rd\u00fc\u011f\u00fcm\u00fcz r\u00fcya, ara s\u0131ra dal\u0131p gitti\u011fimiz karma\u015f\u0131k d\u00fcnyalar,hayaller vb.) \u00e7izime d\u00f6n\u00fc\u015ft\u00fcrerek s\u00fcrrealist ressamlar\u0131n en \u00fcnl\u00fcs\u00fc olmu\u015ftur. iii) Victor Brauner (1903-1966), Romanya tarihinin en \u00f6nemli s\u00fcrrealist sanat\u00e7\u0131s\u0131. 1931 de \u00e7\u0131kar\u0131lm\u0131\u015f g\u00f6z\u00fcyle kendi resmini yapm\u0131\u015f, 1938 de bu g\u00f6z\u00fcn\u00fc bir bar kavgas\u0131nda kaybetmi\u015ftir. iv) T\u00fcrk \u015fiirinde ikinci yeni hareketi (cemal s\u00fcreyya (1931-1990), ilhan berk(1918-2008) ) Bu \u015fairlerin \u00fcr\u00fcnlerinde ger\u00e7ek\u00fcst\u00fc \u00f6\u011felere \u00e7ok s\u0131k rastlanm\u0131\u015ft\u0131r.<br \/>\nBu \u015fairler ile ilgili ayr\u0131nt\u0131l\u0131 bir yaz\u0131 yazmay\u0131 planl\u0131yorum.<\/p>\n<p>Sergiden sonra akl\u0131mda kalanlar; i) Dali nin Gala ( Rus as\u0131ll\u0131, Kazan do\u011fumlu e\u015fi ) ya olan a\u015fk\u0131. Eserlerinin \u00e7o\u011funda, kendi ismiyle birlikte sevgilisinin ismini yazmas\u0131. ii) Bir End\u00fcl\u00fcs K\u00f6pe\u011fi, 1929 y\u0131l\u0131nda Paris de Dali ve Bunuel&#8217;in \u00e7ekti\u011fi 16 dk.l\u0131k film, bir bulutun Ay&#8217;\u0131 kesmesi ile bir kad\u0131n\u0131n g\u00f6z\u00fcn\u00fcn usturayla ikiye ayr\u0131lmas\u0131 ili\u015fkilendirilmi\u015ftir. Sergi giri\u015finde yer alan film g\u00f6sterimi b\u00f6l\u00fcm\u00fcnde film izlenebilir. iii) G\u00f6r\u00fcnmeyen Fig\u00fcrl\u00fc S\u00fcrrealist Kompozisyon,1936 (sergide 13 nolu tablo)<\/p>\n<p>Sergi bittikten sonra kendime &#8220;T\u00fcrk s\u00fcrrealist ressam kimdir?&#8221; diye sordum ve kar\u015f\u0131ma Mehmet Siyah Kalem (14.-15. y\u00fczy\u0131l, insanlar\u0131n ve cinlerin ustas\u0131 olarak biliniyor) \u00e7\u0131kt\u0131. Belkide r\u00fcyalar\u0131n\u0131 ger\u00e7eklerle harmanlamaya \u00e7al\u0131\u015f\u0131yordu. Ne anlatmak istedi\u011fi me\u00e7hul t\u0131pk\u0131 hayat\u0131 ve eserleri gibi.<\/p>\n<p>Not: Araba ile sergiye gidecek olanlar arabalar\u0131n\u0131 yak\u0131ndaki Emirgan otopark\u0131na b\u0131rakabilirler. M\u00fczeye, d\u00fczenli olarak servis kald\u0131r\u0131l\u0131yor.<\/p>\n","protected":false},"excerpt":{"rendered":"<p>Salvador Dali&#8217;nin (1904-1989) eserlerinin yer ald\u0131\u011f\u0131 sergiyi ziyaret etmek isteyenler i\u00e7in son 1 ay. Sergi 20 Ocak 2009 a kadar Sabanc\u0131 m\u00fczesinde g\u00f6r\u00fclebilir. Sergi ba\u015fl\u0131\u011f\u0131 &#8220;Istanbul&#8217;da bir s\u00fcrrealist: Salvador Dali&#8221;.&hellip;<\/p>\n","protected":false},"author":1,"featured_media":0,"comment_status":"open","ping_status":"open","sticky":false,"template":"","format":"standard","meta":{"content-type":"","footnotes":""},"categories":[23],"tags":[],"class_list":["post-29","post","type-post","status-publish","format-standard","hentry","category-gunluk"],"_links":{"self":[{"href":"http:\/\/www.3nokta.com\/yeni3Nokta\/wp-json\/wp\/v2\/posts\/29","targetHints":{"allow":["GET"]}}],"collection":[{"href":"http:\/\/www.3nokta.com\/yeni3Nokta\/wp-json\/wp\/v2\/posts"}],"about":[{"href":"http:\/\/www.3nokta.com\/yeni3Nokta\/wp-json\/wp\/v2\/types\/post"}],"author":[{"embeddable":true,"href":"http:\/\/www.3nokta.com\/yeni3Nokta\/wp-json\/wp\/v2\/users\/1"}],"replies":[{"embeddable":true,"href":"http:\/\/www.3nokta.com\/yeni3Nokta\/wp-json\/wp\/v2\/comments?post=29"}],"version-history":[{"count":0,"href":"http:\/\/www.3nokta.com\/yeni3Nokta\/wp-json\/wp\/v2\/posts\/29\/revisions"}],"wp:attachment":[{"href":"http:\/\/www.3nokta.com\/yeni3Nokta\/wp-json\/wp\/v2\/media?parent=29"}],"wp:term":[{"taxonomy":"category","embeddable":true,"href":"http:\/\/www.3nokta.com\/yeni3Nokta\/wp-json\/wp\/v2\/categories?post=29"},{"taxonomy":"post_tag","embeddable":true,"href":"http:\/\/www.3nokta.com\/yeni3Nokta\/wp-json\/wp\/v2\/tags?post=29"}],"curies":[{"name":"wp","href":"https:\/\/api.w.org\/{rel}","templated":true}]}}