{"id":1013,"date":"2010-10-04T20:41:26","date_gmt":"2010-10-04T18:41:26","guid":{"rendered":"http:\/\/www.3nokta.com\/?p=1013"},"modified":"2010-10-04T20:41:26","modified_gmt":"2010-10-04T18:41:26","slug":"santral-istanbul-enerji-muzesi-ve-istanbul-1910-2010-sergisi","status":"publish","type":"post","link":"http:\/\/www.3nokta.com\/yeni3Nokta\/santral-istanbul-enerji-muzesi-ve-istanbul-1910-2010-sergisi\/","title":{"rendered":"Santral Istanbul Enerji M\u00fczesi ve Istanbul 1910-2010 Sergisi"},"content":{"rendered":"<p>Istanbul&#8217;a elektrik sa\u011flamak amac\u0131yla 1914 y\u0131l\u0131nda kurulmu\u015f &#8220;Silahtar A\u011fa Elektrik Santral\u0131&#8221; 1983&#8217;e kadar hizmet verdikten sonra kimsesiz kalm\u0131\u015f. 2007 y\u0131l\u0131nda ise Istanbul Bilgi \u00dcniversitesi&#8217;nin sanat ile ilgili b\u00f6l\u00fcmlerinin bulundu\u011fu, enerji m\u00fczesi ve modern sanat sergi salonlar\u0131n\u0131n yer ald\u0131\u011f\u0131 bir kompleks olarak kullan\u0131lmaya ba\u015flanm\u0131\u015f. Yani g\u00fczel bir \u00fcniversite kamp\u00fcs\u00fc i\u00e7ine bir enerji m\u00fczesi kurulmu\u015f. Santral istanbul&#8217;a ula\u015fmak i\u00e7in Hali\u00e7 k\u0131y\u0131s\u0131n\u0131 takip etmeniz yeterli. Ey\u00fcp, devam\u0131nda Alibeyk\u00f6y&#8217;e do\u011fru gitti\u011finizde Bilgi \u00dcniversitesi ve Santral Istanbul tabelalar\u0131n\u0131 g\u00f6receksiniz. Konumu Miniat\u00fcrk&#8217;e \u00e7ok yak\u0131n.<!--more--><\/p>\n<p>Geni\u015f bo\u015f alanlara sahip yemye\u015fil bir kamp\u00fcs. Zaman zaman festivallerinde yap\u0131ld\u0131\u011f\u0131 bu kamp\u00fcste kafeler ve restaurantlar da var. Ancak bu kadar geni\u015f alanda y\u00f6nlendirme tabelalan\u0131n olmamas\u0131n\u0131 anlayamad\u0131m. Ilk defa gidenler i\u00e7in yolunu \u015fa\u015f\u0131rmak \u00e7ok muhtemel.<\/p>\n<p>Enerji m\u00fczesinin \u00fcst katlar\u0131 eski elektrik santralinde elektrik \u00fcretiminde kullan\u0131lan makina daireleri, jenarat\u00f6r gruplar\u0131 ve elektrik da\u011f\u0131t\u0131m\u0131n\u0131n yap\u0131ld\u0131\u011f\u0131 kontrol odas\u0131 b\u00f6l\u00fcmlerini i\u00e7eriyor.<\/p>\n<p><a href=\"http:\/\/www.3nokta.com\/wp-content\/uploads\/santral-istanbul-enerji-m\u00fczesi-elektrik-da\u011f\u0131t\u0131m-kontrol-odas\u0131.jpg\"><img decoding=\"async\" src=\"http:\/\/www.3nokta.com\/wp-content\/uploads\/santral-istanbul-enerji-m\u00fczesi-elektrik-da\u011f\u0131t\u0131m-kontrol-odas\u0131-300x225.jpg\" alt=\"\" title=\"santral istanbul enerji m\u00fczesi elektrik da\u011f\u0131t\u0131m kontrol odas\u0131\" width=\"300\" height=\"225\" class=\"aligncenter size-medium wp-image-1018\"><\/a><\/p>\n<p><a href=\"http:\/\/www.3nokta.com\/wp-content\/uploads\/santral-istanbul-enerji-m\u00fczesi-makina-daireleri-jenarat\u00f6rler.jpg\"><img decoding=\"async\" src=\"http:\/\/www.3nokta.com\/wp-content\/uploads\/santral-istanbul-enerji-m\u00fczesi-makina-daireleri-jenarat\u00f6rler-300x225.jpg\" alt=\"\" title=\"santral istanbul enerji m\u00fczesi makina daireleri jenarat\u00f6rler\" width=\"300\" height=\"225\" class=\"aligncenter size-medium wp-image-1019\"><\/a><\/p>\n<p>Gezinti s\u0131ras\u0131nda m\u00f6nit\u00f6rler yard\u0131m\u0131yla m\u00fcze ve ge\u00e7mi\u015fteki faaliyetler hakk\u0131nda bilgi alabiliyorsunuz. Istanbul&#8217;da mumdan ve fenerden kurtularak havagaz\u0131 yard\u0131m\u0131 ile ayd\u0131nlanan ilk yer Istiklal Caddesi. Y\u0131l 1857. Daha sonra s\u0131ras\u0131yla Kuzguncuk ve Kad\u0131k\u00f6y havagaz\u0131 ile ayd\u0131nlan\u0131yor. Silahtara\u011fa santralinin kurulmas\u0131yla tramvaylara ve Dolmabah\u00e7e ye elektrik verilmi\u015f. Bu tesis sayesinde karanl\u0131k geceler yava\u015f yava\u015f ayd\u0131nlanm\u0131\u015f, ula\u015f\u0131m kolayla\u015fm\u0131\u015f ve sonu\u00e7ta gece hayat\u0131 k\u00fclt\u00fcr\u00fc geli\u015fmeye ba\u015flam\u0131\u015f.<\/p>\n<p>M\u00fczenin giri\u015f kat\u0131nda ise &#8220;enerji oyun alan\u0131&#8221; kurulmu\u015f. Fen derslerinde g\u00f6rd\u00fc\u011f\u00fcm\u00fcz bir\u00e7ok temel konuyu bu b\u00f6l\u00fcmde deneylerle, ya\u015fayarak \u00f6\u011frenebiliyorsunuz. Kendi enerjinizi kendiniz \u00fcretebiliyorsunuz.<\/p>\n<p>Plazma k\u00fcresi, Nikola Tesla&#8217;n\u0131n bir icad\u0131. Belgrad&#8217;dan sonra bir kez daha Tesla kar\u015f\u0131ma \u00e7\u0131kt\u0131 (link;<a href=\"http:\/\/www.3nokta.com\/belgrad-ve-opera-verdi-nabucco\/\"> Belgrad ve Opera<\/a>) Merkezden cam\u0131n ellendi\u011fi b\u00f6l\u00fcm\u00fcne elektrik k\u0131v\u0131lc\u0131mlar\u0131 sa\u00e7an \u00e7ok ilgin\u00e7 bir k\u00fcre.<\/p>\n<p><a href=\"http:\/\/www.3nokta.com\/wp-content\/uploads\/plazma-k\u00fcresi-santral-istanbul-enerji-m\u00fczesi.jpg\"><img decoding=\"async\" src=\"http:\/\/www.3nokta.com\/wp-content\/uploads\/plazma-k\u00fcresi-santral-istanbul-enerji-m\u00fczesi-225x300.jpg\" alt=\"\" title=\"plazma k\u00fcresi santral istanbul enerji m\u00fczesi\" width=\"225\" height=\"300\" class=\"aligncenter size-medium wp-image-1023\"><\/a><\/p>\n<p>Ya\u011fmur masas\u0131, sesin t\u0131pk\u0131 elektrik ve \u0131s\u0131 gibi bir enerji bi\u00e7imi oldu\u011funu g\u00f6steren basit ama ak\u0131lda kalmas\u0131 kolay bir d\u00fczenek olmu\u015f.<\/p>\n<p><a href=\"http:\/\/www.3nokta.com\/wp-content\/uploads\/ya\u011fmur-masas\u0131-santral-istanbul-enerji-m\u00fczesi.jpg\"><img decoding=\"async\" src=\"http:\/\/www.3nokta.com\/wp-content\/uploads\/ya\u011fmur-masas\u0131-santral-istanbul-enerji-m\u00fczesi-225x300.jpg\" alt=\"\" title=\"ya\u011fmur masas\u0131 santral istanbul enerji m\u00fczesi\" width=\"225\" height=\"300\" class=\"aligncenter size-medium wp-image-1031\"><\/a><\/p>\n<p>Ayr\u0131ca kendi enerjinizi kullanarak roket f\u0131rlatabilir veya inat\u00e7\u0131 bir bavulla ba\u015fka bir ilgin\u00e7 deney de yapabilirsiniz. Enerji oyun alan \u00e7ok e\u011flenceli ve e\u011fitici bir b\u00f6l\u00fcm olmu\u015f.<\/p>\n<p>Buraya kadar bahsetti\u011fim unsurlar enerji m\u00fczesinin her daim kal\u0131c\u0131 eserleriydi, yani ne zaman gitseniz inceleyebilirsiniz. M\u00fczenin di\u011fer taraf\u0131 ise s\u00fcreli sergiler i\u00e7in ayr\u0131lm\u0131\u015f bir b\u00f6l\u00fcm. 20 Kas\u0131m 2010 tarihine kadar &#8220;Istanbul 1910-2010 Kent, Yap\u0131l\u0131 \u00c7evre ve Mimarl\u0131k K\u00fclt\u00fcr\u00fc Sergisi&#8221; ni ziyaret edebilirsiniz.<\/p>\n<p>\u00c7ok ayr\u0131nt\u0131l\u0131 ve geni\u015f kapsaml\u0131 bir \u00e7al\u0131\u015fma olmu\u015f. Istanbul&#8217;a ait bir\u00e7ok detay ziyaret\u00e7ilere sunulmak istemi\u015f ve belkide detaylar\u0131n fazlal\u0131\u011f\u0131 biraz karma\u015f\u0131kl\u0131\u011fa sebebiyet vermi\u015f gibi g\u00f6z\u00fck\u00fcyor. Istanbul yang\u0131nlar\u0131n\u0131 ve g\u00f6\u00e7leri anlatan b\u00f6l\u00fcmler ilgi \u00e7ekiciydi. Ayr\u0131ca Istanbul maketi g\u00fczel d\u00fc\u015f\u00fcn\u00fclm\u00fc\u015f bir ayr\u0131nt\u0131 olmu\u015f.<\/p>\n<p><a href=\"http:\/\/www.3nokta.com\/wp-content\/uploads\/istanbul-1910-2010-sergisi-santral-istanbul-istanbul-maketi.jpg\"><img decoding=\"async\" src=\"http:\/\/www.3nokta.com\/wp-content\/uploads\/istanbul-1910-2010-sergisi-santral-istanbul-istanbul-maketi-300x225.jpg\" alt=\"\" title=\"istanbul 1910-2010 sergisi santral istanbul istanbul maketi\" width=\"300\" height=\"225\" class=\"aligncenter size-medium wp-image-1032\"><\/a><\/p>\n<p>Istanbul tarihi, do\u011fas\u0131 ve en \u00f6nemlisi hat\u0131ralar\u0131yla e\u015fi az bulunur bir \u015fehir. Ne yaz\u0131k ki bu g\u00fczel \u015fehri anlatan bir \u015fehir m\u00fczesi yok. Daha \u00f6nceki yaz\u0131mda (link;<a href=\"http:\/\/www.3nokta.com\/efsane-istanbul-byzantiondan-istanbula-sergisi_sabani-muzesi\/\"> Efsane Istanbul Byzantion&#8217;dan Istanbul&#8217;a, Sabanc\u0131 M\u00fczesi<\/a>) bu konuyu vurgulam\u0131\u015ft\u0131m. Ancak bu y\u0131lki Istanbul&#8217;a y\u00f6nelik aktiviteler sonras\u0131 (Istanbul 2010 k\u00fclt\u00fcr ba\u015fkenti oldu\u011fumuzu hat\u0131rlayarak) hem bu serginin hem de Sabanc\u0131 m\u00fczesinin haz\u0131rlad\u0131\u011f\u0131 serginin Istanbul kent m\u00fczesinin habercisi oldu\u011funu d\u00fc\u015f\u00fcn\u00fcyorum. Umar\u0131m yan\u0131lmam.<\/p>\n<p>Tel: 0 212 311 78 09<br \/>\nWeb: www.santralistanbul.org<\/p>\n","protected":false},"excerpt":{"rendered":"<p>Istanbul&#8217;a elektrik sa\u011flamak amac\u0131yla 1914 y\u0131l\u0131nda kurulmu\u015f &#8220;Silahtar A\u011fa Elektrik Santral\u0131&#8221; 1983&#8217;e kadar hizmet verdikten sonra kimsesiz kalm\u0131\u015f. 2007 y\u0131l\u0131nda ise Istanbul Bilgi \u00dcniversitesi&#8217;nin sanat ile ilgili b\u00f6l\u00fcmlerinin bulundu\u011fu, enerji&hellip;<\/p>\n","protected":false},"author":1,"featured_media":1032,"comment_status":"open","ping_status":"open","sticky":false,"template":"","format":"standard","meta":{"content-type":"","footnotes":""},"categories":[23],"tags":[176,177,178],"class_list":["post-1013","post","type-post","status-publish","format-standard","has-post-thumbnail","hentry","category-gunluk","tag-enerji-muzesi","tag-muze","tag-santral-istanbul-nerede-hangi-sergiye-gidilir"],"_links":{"self":[{"href":"http:\/\/www.3nokta.com\/yeni3Nokta\/wp-json\/wp\/v2\/posts\/1013","targetHints":{"allow":["GET"]}}],"collection":[{"href":"http:\/\/www.3nokta.com\/yeni3Nokta\/wp-json\/wp\/v2\/posts"}],"about":[{"href":"http:\/\/www.3nokta.com\/yeni3Nokta\/wp-json\/wp\/v2\/types\/post"}],"author":[{"embeddable":true,"href":"http:\/\/www.3nokta.com\/yeni3Nokta\/wp-json\/wp\/v2\/users\/1"}],"replies":[{"embeddable":true,"href":"http:\/\/www.3nokta.com\/yeni3Nokta\/wp-json\/wp\/v2\/comments?post=1013"}],"version-history":[{"count":0,"href":"http:\/\/www.3nokta.com\/yeni3Nokta\/wp-json\/wp\/v2\/posts\/1013\/revisions"}],"wp:featuredmedia":[{"embeddable":true,"href":"http:\/\/www.3nokta.com\/yeni3Nokta\/wp-json\/"}],"wp:attachment":[{"href":"http:\/\/www.3nokta.com\/yeni3Nokta\/wp-json\/wp\/v2\/media?parent=1013"}],"wp:term":[{"taxonomy":"category","embeddable":true,"href":"http:\/\/www.3nokta.com\/yeni3Nokta\/wp-json\/wp\/v2\/categories?post=1013"},{"taxonomy":"post_tag","embeddable":true,"href":"http:\/\/www.3nokta.com\/yeni3Nokta\/wp-json\/wp\/v2\/tags?post=1013"}],"curies":[{"name":"wp","href":"https:\/\/api.w.org\/{rel}","templated":true}]}}